{"id":446,"date":"2013-04-30T10:59:13","date_gmt":"2013-04-30T09:59:13","guid":{"rendered":"http:\/\/www.ziebke.net\/blog\/?p=446"},"modified":"2013-04-30T10:59:13","modified_gmt":"2013-04-30T09:59:13","slug":"warum-ich-kein-gruner-sein-kann","status":"publish","type":"post","link":"https:\/\/www.ziebke.net\/blog\/2013\/04\/30\/warum-ich-kein-gruner-sein-kann\/","title":{"rendered":"Warum ich kein Gr\u00fcner sein kann"},"content":{"rendered":"<p>Die Gr\u00fcnen (das Anh\u00e4ngsel B\u00fcndnis 90 k\u00f6nnte man eigentlich auch weglassen, der einzige Vertreter, der sich bei den Gr\u00fcnen durchsetzen konnte, ist <a href=\"http:\/\/de.wikipedia.org\/wiki\/Werner_Schulz\" target=\"_blank\">Werner Schulz<\/a>) haben mit ihrem neuen Steuerkonzept mal wieder best\u00e4rkt, dass ich mich in dieser Partei kaum heimisch f\u00fchlen k\u00f6nnte und auch auf absehbare Zeit keine Koalitionen mit der CDU sehe.<\/p>\n<p>Ich f\u00fcr meinen Teil bin Arbeiterkind und habe immer immer die Ansicht vertreten, ein m\u00f6glichst schlanker Staat, der den Leuten genug Geld l\u00e4sst, damit diese die Priorit\u00e4ten in ihrem Leben auch finanziell setzen k\u00f6nnen, ist das Beste, was den B\u00fcrgern passieren kann.<\/p>\n<p>Bevor ich die Welt retten will, indem ich nur noch erneuerbare Energien benutze &#8211; die nat\u00fcrlich massiv durch die EEG-Umlage subventioniert werden &#8211; will ich meine Lebensmittel, die Autoreparatur oder meine kleine private Altersvorsorge bezahlen.<\/p>\n<p>Mit dem aktuellen Wahlprogramm legen sich die Gr\u00fcnen auf noch mehr Umverteilung fest, ein Konzept, das ich schon immer abwegig fand, weil es in letzter Konsequenz nur noch den Staat sieht und die Eigenverantwortung der B\u00fcrger konsequent ausblendet.<\/p>\n<p>Dar\u00fcber hinaus ist das vemeintliche Gutmenschengehabe, das in penetranter Nervigkeit jeden als Auss\u00e4tzigen glei\u00dfelt, der nicht den neuesten Trend nach noch einem zus\u00e4tzlichen veganen Mensa-Tag gleich begeistert bejubelt, mir ein Dorn im Auge.<\/p>\n<p>Solange die Gr\u00fcnen sich da nicht besinnen, sehe ich kaum Aussicht auf Erfolg bei gemeinsamen Projekten.<\/p>\n","protected":false},"excerpt":{"rendered":"<p>Die Gr\u00fcnen (das Anh\u00e4ngsel B\u00fcndnis 90 k\u00f6nnte man eigentlich auch weglassen, der einzige Vertreter, der sich bei den Gr\u00fcnen durchsetzen konnte, ist Werner Schulz) haben mit ihrem neuen Steuerkonzept mal wieder best\u00e4rkt, dass ich mich in dieser Partei kaum heimisch f\u00fchlen k\u00f6nnte und auch auf absehbare Zeit keine Koalitionen mit der CDU sehe. Ich f\u00fcr [&hellip;]<\/p>\n","protected":false},"author":2,"featured_media":0,"comment_status":"open","ping_status":"open","sticky":false,"template":"","format":"standard","meta":{"jetpack_post_was_ever_published":false,"_jetpack_newsletter_access":"","_jetpack_dont_email_post_to_subs":false,"_jetpack_newsletter_tier_id":0,"_jetpack_memberships_contains_paywalled_content":false,"_jetpack_memberships_contains_paid_content":false,"footnotes":""},"categories":[1],"tags":[36,138,134],"class_list":["post-446","post","type-post","status-publish","format-standard","hentry","category-allgemein","tag-cdu","tag-grune","tag-koalition"],"jetpack_featured_media_url":"","jetpack_shortlink":"https:\/\/wp.me\/p48LCi-7c","jetpack_sharing_enabled":true,"_links":{"self":[{"href":"https:\/\/www.ziebke.net\/blog\/wp-json\/wp\/v2\/posts\/446","targetHints":{"allow":["GET"]}}],"collection":[{"href":"https:\/\/www.ziebke.net\/blog\/wp-json\/wp\/v2\/posts"}],"about":[{"href":"https:\/\/www.ziebke.net\/blog\/wp-json\/wp\/v2\/types\/post"}],"author":[{"embeddable":true,"href":"https:\/\/www.ziebke.net\/blog\/wp-json\/wp\/v2\/users\/2"}],"replies":[{"embeddable":true,"href":"https:\/\/www.ziebke.net\/blog\/wp-json\/wp\/v2\/comments?post=446"}],"version-history":[{"count":1,"href":"https:\/\/www.ziebke.net\/blog\/wp-json\/wp\/v2\/posts\/446\/revisions"}],"predecessor-version":[{"id":447,"href":"https:\/\/www.ziebke.net\/blog\/wp-json\/wp\/v2\/posts\/446\/revisions\/447"}],"wp:attachment":[{"href":"https:\/\/www.ziebke.net\/blog\/wp-json\/wp\/v2\/media?parent=446"}],"wp:term":[{"taxonomy":"category","embeddable":true,"href":"https:\/\/www.ziebke.net\/blog\/wp-json\/wp\/v2\/categories?post=446"},{"taxonomy":"post_tag","embeddable":true,"href":"https:\/\/www.ziebke.net\/blog\/wp-json\/wp\/v2\/tags?post=446"}],"curies":[{"name":"wp","href":"https:\/\/api.w.org\/{rel}","templated":true}]}}