{"id":940,"date":"2026-08-23T19:58:33","date_gmt":"2026-08-23T18:58:33","guid":{"rendered":"https:\/\/www.ziebke.net\/blog\/?p=940"},"modified":"2026-08-23T19:59:23","modified_gmt":"2026-08-23T18:59:23","slug":"der-metzger-ist-nicht-an-der-migration-gestorben","status":"publish","type":"post","link":"https:\/\/www.ziebke.net\/blog\/2026\/08\/23\/der-metzger-ist-nicht-an-der-migration-gestorben\/","title":{"rendered":"Der Metzger ist nicht an der Migration gestorben"},"content":{"rendered":"\n<p class=\"wp-block-paragraph\">Warum <em>Dennis Radtke recht hat \u2013 und warum das nichts mit Kapitulation zu tun hat<\/em><br><br>Dennis Radtke, Bundesvorsitzender der CDA, hat bei Markus Lanz einen Satz gesagt, f\u00fcr den er seither ordentlich einsteckt. Dabei ist der Satz im Kern eine Banalit\u00e4t:<br><br>\u201eSelbst wenn wir jeden illegalen Migranten (\u2026) aus Deutschland abgeschoben haben, wird sich an vielen Stellen im Stadtbild nichts ver\u00e4ndern.&#8220;<br><br>Lanz hielt ihm entgegen, das sei die totale Selbstaufgabe der Politik.<br><br>Ich halte die Kritik f\u00fcr falsch. Radtke hat recht; und zwar gerade dann, wenn man der Meinung ist, dass Deutschland seine Grenzen kontrollieren, irregul\u00e4re Migration begrenzen und Menschen ohne Aufenthaltsrecht konsequent zur\u00fcckf\u00fchren muss.<br><br>Beides passt n\u00e4mlich zusammen. Ein Rechtsstaat muss durchsetzen, wer bleiben darf und wer nicht. Und Wattenscheid sieht nach der letzten Abschiebung trotzdem nicht wieder aus wie 1980.<br><br><strong>Wer den Metzger vertrieben hat<\/strong><br><br>An dem Beispiel mit dem Metzger l\u00e4sst sich die ganze Schieflage der Debatte zeigen.<br><br>Wenn in einer Fu\u00dfg\u00e4ngerzone der alteingesessene Metzger dichtmacht und zwei Jahre sp\u00e4ter ein Halal-Metzger in denselben R\u00e4umen er\u00f6ffnet, dann ist der Nachmieter nicht der Grund f\u00fcr das Aus seines Vorg\u00e4ngers. Er ist die Folge davon, dass der Laden leer stand.<br><br>Warum stand er leer? Weil wir unser Fleisch beim Discounter kaufen. Weil wir Waren im Internet bestellen. Weil kleine inhabergef\u00fchrte Gesch\u00e4fte gegen Filialisten und Onlinehandel seit drei\u00dfig Jahren den K\u00fcrzeren ziehen. In vielen Kleinst\u00e4dten hat auch das Kino zugemacht, die Bankfiliale, das Kaufhaus sowieso.<br><br>Da bei\u00dft die Maus keinen Faden ab: Unser eigenes Konsumverhalten hat die Innenst\u00e4dte mindestens so stark ver\u00e4ndert wie irgendetwas anderes.<br><br>Wer dann in einem leerstehenden Ladenlokal einen t\u00fcrkischen Supermarkt, einen Barbershop oder eben eine Halal-Metzgerei aufmacht und damit Geld verdient, hat erst einmal eines getan: eine Marktl\u00fccke gefunden. Man muss dort nicht einkaufen. Man muss die Ver\u00e4nderung auch nicht sch\u00f6n finden. Aber man sollte Ursache und Wirkung auseinanderhalten.<br><br><strong>Migration und illegale Migration sind zwei verschiedene Themen<\/strong><br><br>Genau deshalb ist Radtkes Satz wichtiger, als seine Kritiker zugeben wollen.<br><br>Die Stadtbild-Debatte wirft Dinge in einen Topf, die nichts miteinander zu tun haben. Menschen ohne Aufenthaltsrecht sind eine Frage des Rechtsstaates. Kriminalit\u00e4t ist eine Frage von Polizei und Justiz. Misslungene Integration braucht bessere Integrationspolitik, verwahrloste Pl\u00e4tze brauchen handlungsf\u00e4hige Kommunen, offene Drogenszenen brauchen Druck von allen Seiten.<br><br>Der t\u00fcrkischst\u00e4mmige Metzger dagegen, dessen Familie wom\u00f6glich seit drei Generationen hier lebt, hat mit der Abschiebung illegal Eingereister schlicht nichts zu tun.<br><br>Wer beides vermengt, weckt eine Erwartung, die keine Migrationspolitik der Welt einl\u00f6sen kann \u2013 egal, wie konsequent sie ist. Und entt\u00e4uschte Erwartungen sind in der Politik selten folgenlos.<br><br><strong>Gestalten hei\u00dft nicht, die Zeit zur\u00fcckzudrehen<\/strong><br><br>In einem Punkt hat Lanz nat\u00fcrlich recht: Politik muss gestalten.<br><br>Nur bedeutet Gestaltung eben nicht, den Leuten zu suggerieren, man k\u00f6nne gesellschaftliche, demografische und wirtschaftliche Entwicklungen von vierzig Jahren per Beschluss r\u00fcckabwickeln.<br><br>Eine Innenstadt attraktiver machen: geht. F\u00fcr Sauberkeit und Sicherheit sorgen: geht. Einzelhandel f\u00f6rdern, B\u00fcrokratie abbauen, \u00f6ffentliche R\u00e4ume herrichten: geht alles. Migration steuern und begrenzen, Integration einfordern, geltendes Aufenthaltsrecht durchsetzen: muss sogar sein.<br><br>Das Deutschland der 1980er wiederherstellen: geht nicht. Und ich will auch keine Politik, die ihren Gestaltungsanspruch aus diesem Versprechen zieht.<br><br>Dieses Land hat sich ver\u00e4ndert. Die Arbeitswelt, die Familien, die Einkaufsgewohnheiten, die St\u00e4dte. Und ja, auch die Migration hat Deutschland ver\u00e4ndert. Das anzuerkennen ist keine Kapitulation, sondern die Voraussetzung daf\u00fcr, \u00fcberhaupt Politik f\u00fcr die Gegenwart machen zu k\u00f6nnen.<br><br><strong>Erst diagnostizieren, dann behandeln<\/strong><br><br>Was mich an der Emp\u00f6rung \u00fcber Radtke st\u00f6rt, ist ihre Reflexhaftigkeit.<br><br>Aus seinem Satz ein \u201eGew\u00f6hnt euch halt dran&#8220; zu machen, hei\u00dft, den Inhalt gar nicht erst zur Kenntnis zu nehmen. Er hat nicht gesagt, dass Abschiebungen sinnlos sind. Er hat gesagt, dass sie das Stadtbild nicht zur\u00fcckverwandeln. Das ist keine Meinung, das ist eine Beschreibung.<br><br>Man kann f\u00fcr konsequente R\u00fcckf\u00fchrungen sein und trotzdem wissen, dass der inhabergef\u00fchrte Metzger danach nicht wieder aufmacht. Man kann problematische Entwicklungen in Innenst\u00e4dten klar benennen, ohne jeden D\u00f6nerladen zum Symbol gescheiterter Migrationspolitik zu erkl\u00e4ren. Und man kann konservative Politik machen, ohne eine Vergangenheit zu versprechen, die nicht wiederkommt.<br><br>Gute Politik unterscheidet zwischen dem, was sie \u00e4ndern kann, dem, was sie \u00e4ndern sollte, und dem, was l\u00e4ngst gesellschaftliche Realit\u00e4t ist. Wer gestalten will, muss diese Realit\u00e4t erst einmal anerkennen.<br><br>Alles andere ist keine Gestaltung. Das ist Nostalgie mit politischem Anschein.<\/p>\n\n\n\n<p class=\"wp-block-paragraph\"><\/p>\n","protected":false},"excerpt":{"rendered":"<p>Warum Dennis Radtke recht hat \u2013 und warum das nichts mit Kapitulation zu tun hat Dennis Radtke, Bundesvorsitzender der CDA, hat bei Markus Lanz einen Satz gesagt, f\u00fcr den er \u2026<\/p>\n","protected":false},"author":2,"featured_media":0,"comment_status":"open","ping_status":"open","sticky":false,"template":"","format":"standard","meta":{"_jetpack_newsletter_access":"","_jetpack_dont_email_post_to_subs":false,"_jetpack_newsletter_tier_id":0,"_jetpack_memberships_contains_paywalled_content":false,"_jetpack_feature_clip_id":0,"_jetpack_memberships_contains_paid_content":false,"footnotes":"","jetpack_post_was_ever_published":false},"categories":[1],"tags":[319,318],"class_list":["post-940","post","type-post","status-publish","format-standard","hentry","category-allgemein","tag-cda","tag-radtke"],"jetpack_shortlink":"https:\/\/wp.me\/p48LCi-fa","jetpack_sharing_enabled":true,"jetpack_featured_media_url":"","_links":{"self":[{"href":"https:\/\/www.ziebke.net\/blog\/wp-json\/wp\/v2\/posts\/940","targetHints":{"allow":["GET"]}}],"collection":[{"href":"https:\/\/www.ziebke.net\/blog\/wp-json\/wp\/v2\/posts"}],"about":[{"href":"https:\/\/www.ziebke.net\/blog\/wp-json\/wp\/v2\/types\/post"}],"author":[{"embeddable":true,"href":"https:\/\/www.ziebke.net\/blog\/wp-json\/wp\/v2\/users\/2"}],"replies":[{"embeddable":true,"href":"https:\/\/www.ziebke.net\/blog\/wp-json\/wp\/v2\/comments?post=940"}],"version-history":[{"count":1,"href":"https:\/\/www.ziebke.net\/blog\/wp-json\/wp\/v2\/posts\/940\/revisions"}],"predecessor-version":[{"id":941,"href":"https:\/\/www.ziebke.net\/blog\/wp-json\/wp\/v2\/posts\/940\/revisions\/941"}],"wp:attachment":[{"href":"https:\/\/www.ziebke.net\/blog\/wp-json\/wp\/v2\/media?parent=940"}],"wp:term":[{"taxonomy":"category","embeddable":true,"href":"https:\/\/www.ziebke.net\/blog\/wp-json\/wp\/v2\/categories?post=940"},{"taxonomy":"post_tag","embeddable":true,"href":"https:\/\/www.ziebke.net\/blog\/wp-json\/wp\/v2\/tags?post=940"}],"curies":[{"name":"wp","href":"https:\/\/api.w.org\/{rel}","templated":true}]}}